{"id":1786,"date":"2022-11-27T12:07:48","date_gmt":"2022-11-27T11:07:48","guid":{"rendered":"https:\/\/diasporasolidaria.org\/?p=1786"},"modified":"2023-02-28T19:29:00","modified_gmt":"2023-02-28T18:29:00","slug":"encuentro-textil-arpilleras-latinoamericanas-relatos-textiles-contra-la-violencia-patriarcal","status":"publish","type":"post","link":"https:\/\/diasporasolidaria.org\/en\/encuentro-textil-arpilleras-latinoamericanas-relatos-textiles-contra-la-violencia-patriarcal\/","title":{"rendered":"Encuentro textil, Arpilleras Latinoamericanas: Relatos textiles contra la violencia patriarcal."},"content":{"rendered":"<div class=\"boldgrid-section\">\n<div class=\"container\">\n<div class=\"row\" style=\"padding-bottom: 2px;\">\n<div class=\"col-lg-12 col-md-12 col-xs-12 col-sm-12\">\n<div class=\"bg-box bg-box-rounded-bottom-right bg-box-rounded-top-right color2-background-color color2-text-default\">\n<p class=\"\">En el D\u00eda Internacional de la Eliminaci\u00f3n de la Violencia contra la Mujer, nos reunimos en De Fabriek Volkskamer para crear juntas un espacio de sororidad entre mujeres de la comunidad latinoamericana, caribe\u00f1a e hispanohablante, que nos permiti\u00f3 compartir nuestras experiencias y reflexionar juntas sobre c\u00f3mo vivimos, nos protegemos y nos organizamos para eliminar la violencia contra las ni\u00f1as, las j\u00f3venes, las mujeres y las disidentes migrantes en Pa\u00edses Bajos.<\/p>\n<p class=\"\"><span style=\"font-weight: 400;\">Reconociendo la relaci\u00f3n hist\u00f3rico-pol\u00edtica de las mujeres organizadas con lo textil, queremos utilizar las telas, agujas e hilos, como medios de expresi\u00f3n, protecci\u00f3n y creaci\u00f3n, e inspirarnos especialmente en la Arpillera chilena y Latinoamericana, por la fuerza, emotividad y valent\u00eda de su relato, que narra en tela, tanto los amores y dolores de las mujeres que las confeccionan, como las luchas y resistencias ante las injusticias, discriminaciones y desigualdad que nos violentan, d\u00eda a d\u00eda.&nbsp;<\/span><\/p>\n<p class=\"\"><span style=\"font-weight: 400;\">Quisimos promover un espacio de reflexi\u00f3n, de asociatividad y creatividad, seguro y respetuoso de la diversidad de experiencias, visiones e ideas, en el que nos una la convicci\u00f3n de que en la organizaci\u00f3n social y comunitaria de mujeres, se encuentra la clave para avanzar en el desarrollo de una sociedad respetuosa de la diversidad, equitativa, con igualdad sustantiva para todas las personas y sostenible para las generaciones presentes y futuras.<\/span><\/p>\n<p class=\"\"><span style=\"font-weight: 400;\"><img loading=\"lazy\" decoding=\"async\" class=\" wp-image-1790 aligncenter\" src=\"https:\/\/diasporasolidaria.org\/wp-content\/uploads\/2023\/02\/IMG_3391-300x300.jpg\" alt=\"\" width=\"378\" height=\"378\" srcset=\"https:\/\/diasporasolidaria.org\/wp-content\/uploads\/2023\/02\/IMG_3391-300x300.jpg 300w, https:\/\/diasporasolidaria.org\/wp-content\/uploads\/2023\/02\/IMG_3391-150x150.jpg 150w, https:\/\/diasporasolidaria.org\/wp-content\/uploads\/2023\/02\/IMG_3391-768x768.jpg 768w, https:\/\/diasporasolidaria.org\/wp-content\/uploads\/2023\/02\/IMG_3391-48x48.jpg 48w, https:\/\/diasporasolidaria.org\/wp-content\/uploads\/2023\/02\/IMG_3391-250x250.jpg 250w, https:\/\/diasporasolidaria.org\/wp-content\/uploads\/2023\/02\/IMG_3391-550x550.jpg 550w, https:\/\/diasporasolidaria.org\/wp-content\/uploads\/2023\/02\/IMG_3391-800x800.jpg 800w, https:\/\/diasporasolidaria.org\/wp-content\/uploads\/2023\/02\/IMG_3391-180x180.jpg 180w, https:\/\/diasporasolidaria.org\/wp-content\/uploads\/2023\/02\/IMG_3391-500x500.jpg 500w, https:\/\/diasporasolidaria.org\/wp-content\/uploads\/2023\/02\/IMG_3391.jpg 960w\" sizes=\"auto, (max-width: 378px) 100vw, 378px\" \/><img loading=\"lazy\" decoding=\"async\" class=\"alignnone wp-image-1787\" src=\"https:\/\/diasporasolidaria.org\/wp-content\/uploads\/2023\/02\/IMG_3393-300x225.jpg\" alt=\"\" width=\"403\" height=\"302\" srcset=\"https:\/\/diasporasolidaria.org\/wp-content\/uploads\/2023\/02\/IMG_3393-300x225.jpg 300w, https:\/\/diasporasolidaria.org\/wp-content\/uploads\/2023\/02\/IMG_3393-1024x768.jpg 1024w, https:\/\/diasporasolidaria.org\/wp-content\/uploads\/2023\/02\/IMG_3393-768x576.jpg 768w, https:\/\/diasporasolidaria.org\/wp-content\/uploads\/2023\/02\/IMG_3393-1536x1152.jpg 1536w, https:\/\/diasporasolidaria.org\/wp-content\/uploads\/2023\/02\/IMG_3393-250x188.jpg 250w, https:\/\/diasporasolidaria.org\/wp-content\/uploads\/2023\/02\/IMG_3393-550x413.jpg 550w, https:\/\/diasporasolidaria.org\/wp-content\/uploads\/2023\/02\/IMG_3393-800x600.jpg 800w, https:\/\/diasporasolidaria.org\/wp-content\/uploads\/2023\/02\/IMG_3393-240x180.jpg 240w, https:\/\/diasporasolidaria.org\/wp-content\/uploads\/2023\/02\/IMG_3393-400x300.jpg 400w, https:\/\/diasporasolidaria.org\/wp-content\/uploads\/2023\/02\/IMG_3393-667x500.jpg 667w, https:\/\/diasporasolidaria.org\/wp-content\/uploads\/2023\/02\/IMG_3393.jpg 2048w\" sizes=\"auto, (max-width: 403px) 100vw, 403px\" \/><\/span><span style=\"font-weight: 400;\"><img loading=\"lazy\" decoding=\"async\" class=\"wp-image-1788 alignright\" src=\"https:\/\/diasporasolidaria.org\/wp-content\/uploads\/2023\/02\/IMG_3394-300x225.jpg\" alt=\"\" width=\"408\" height=\"306\" srcset=\"https:\/\/diasporasolidaria.org\/wp-content\/uploads\/2023\/02\/IMG_3394-300x225.jpg 300w, https:\/\/diasporasolidaria.org\/wp-content\/uploads\/2023\/02\/IMG_3394-1024x768.jpg 1024w, https:\/\/diasporasolidaria.org\/wp-content\/uploads\/2023\/02\/IMG_3394-768x576.jpg 768w, https:\/\/diasporasolidaria.org\/wp-content\/uploads\/2023\/02\/IMG_3394-1536x1152.jpg 1536w, https:\/\/diasporasolidaria.org\/wp-content\/uploads\/2023\/02\/IMG_3394-250x188.jpg 250w, https:\/\/diasporasolidaria.org\/wp-content\/uploads\/2023\/02\/IMG_3394-550x413.jpg 550w, https:\/\/diasporasolidaria.org\/wp-content\/uploads\/2023\/02\/IMG_3394-800x600.jpg 800w, https:\/\/diasporasolidaria.org\/wp-content\/uploads\/2023\/02\/IMG_3394-240x180.jpg 240w, https:\/\/diasporasolidaria.org\/wp-content\/uploads\/2023\/02\/IMG_3394-400x300.jpg 400w, https:\/\/diasporasolidaria.org\/wp-content\/uploads\/2023\/02\/IMG_3394-667x500.jpg 667w, https:\/\/diasporasolidaria.org\/wp-content\/uploads\/2023\/02\/IMG_3394.jpg 2048w\" sizes=\"auto, (max-width: 408px) 100vw, 408px\" \/><\/span><\/p>\n<p class=\"\"><img loading=\"lazy\" decoding=\"async\" class=\" wp-image-1789 aligncenter\" src=\"https:\/\/diasporasolidaria.org\/wp-content\/uploads\/2023\/02\/IMG_3395-300x225.jpg\" alt=\"\" width=\"420\" height=\"315\" srcset=\"https:\/\/diasporasolidaria.org\/wp-content\/uploads\/2023\/02\/IMG_3395-300x225.jpg 300w, https:\/\/diasporasolidaria.org\/wp-content\/uploads\/2023\/02\/IMG_3395-1024x768.jpg 1024w, https:\/\/diasporasolidaria.org\/wp-content\/uploads\/2023\/02\/IMG_3395-768x576.jpg 768w, https:\/\/diasporasolidaria.org\/wp-content\/uploads\/2023\/02\/IMG_3395-1536x1152.jpg 1536w, https:\/\/diasporasolidaria.org\/wp-content\/uploads\/2023\/02\/IMG_3395-250x188.jpg 250w, https:\/\/diasporasolidaria.org\/wp-content\/uploads\/2023\/02\/IMG_3395-550x413.jpg 550w, https:\/\/diasporasolidaria.org\/wp-content\/uploads\/2023\/02\/IMG_3395-800x600.jpg 800w, https:\/\/diasporasolidaria.org\/wp-content\/uploads\/2023\/02\/IMG_3395-240x180.jpg 240w, https:\/\/diasporasolidaria.org\/wp-content\/uploads\/2023\/02\/IMG_3395-400x300.jpg 400w, https:\/\/diasporasolidaria.org\/wp-content\/uploads\/2023\/02\/IMG_3395-667x500.jpg 667w, https:\/\/diasporasolidaria.org\/wp-content\/uploads\/2023\/02\/IMG_3395.jpg 2048w\" sizes=\"auto, (max-width: 420px) 100vw, 420px\" \/><\/p>\n<p class=\"\">ENGLISH VERSION:<\/p>\n<h4 class=\"\" style=\"text-align: center;\"><strong>Textile Encounter, Chilean and Latin American Arpilleras: Textile stories against patriarchal violence.<\/strong><\/h4>\n<p class=\"\">On the International Day for the Elimination of Violence against Women, we gathered at De Fabriek Volkskamer&nbsp;at the Volkskamer to create collectively a save space of sisterhood among women from the Spanish-speaking community. This allowed us to share our experiences and reflections about the society we live in, so that we can protect ourselves and organize future actions to eliminate the increasing violence against girls, women and the lgbtqia+ community in the Netherlands.<\/p>\n<p class=\"p1\">We consider that there is a strong historical-political relationship of women with textiles. Therefore we use fabrics, needles and threads as a means of expression, protection and creation. We are especially inspired by the Chilean and Latin American \u201cArpillera\u201d, the term with which the outstanding Chilean folklorist Violeta Parra baptised her embroideries on rustic fabrics who were used to make sacks for agricultural products.<span class=\"Apple-converted-space\">&nbsp;<\/span><\/p>\n<p class=\"p1\">&#8220;Arpilleras are like songs that are painted&#8221;, said Violeta Parra. It would later become a long popular textile tradition cultivated by hundreds of women in Chile as an act of resistance and denunciation against the Pinochet dictatorship.<span class=\"Apple-converted-space\">&nbsp;<\/span><\/p>\n<p class=\"p1\">That\u2019s why we have embraced the Arpillera, because it it\u2019s a beautiful way to express emotions and to tell a story.<span class=\"Apple-converted-space\">&nbsp; <\/span>It is difficult to talk about the emotional struggles and violence we face on a daily basis. That\u2019s why we promote a space were women can reflect, create and express their emotions without the need to talk if they don\u2019t want to. The Arpillera is the way of expression.<\/p>\n<\/div>\n<\/div>\n<\/div>\n<\/div>\n<\/div>\n","protected":false},"excerpt":{"rendered":"<p>En el D\u00eda Internacional de la Eliminaci\u00f3n de la Violencia contra la Mujer, nos reunimos en De Fabriek Volkskamer para crear juntas un espacio de sororidad entre mujeres de la comunidad latinoamericana, caribe\u00f1a e hispanohablante, que nos permiti\u00f3 compartir nuestras experiencias y reflexionar juntas sobre c\u00f3mo vivimos, nos protegemos y nos organizamos para eliminar la [&hellip;]<\/p>\n","protected":false},"author":5,"featured_media":0,"comment_status":"open","ping_status":"open","sticky":false,"template":"","format":"standard","meta":{"bgseo_title":"","bgseo_description":"","bgseo_robots_index":"index","bgseo_robots_follow":"follow","footnotes":""},"categories":[5],"tags":[23,25,26],"class_list":["post-1786","post","type-post","status-publish","format-standard","hentry","category-talleres","tag-arpilleras-chilenas","tag-dia-internacional-para-la-eliminacion-de-la-violencia-contra-las-mujeres-chilean-arpilleras","tag-international-fay-for-the-elimination-of-violence-against-women"],"translation":{"provider":"WPGlobus","version":"3.0.0","language":"en","enabled_languages":["es","en","nl"],"languages":{"es":{"title":true,"content":true,"excerpt":false},"en":{"title":false,"content":false,"excerpt":false},"nl":{"title":false,"content":false,"excerpt":false}}},"_links":{"self":[{"href":"https:\/\/diasporasolidaria.org\/en\/wp-json\/wp\/v2\/posts\/1786","targetHints":{"allow":["GET"]}}],"collection":[{"href":"https:\/\/diasporasolidaria.org\/en\/wp-json\/wp\/v2\/posts"}],"about":[{"href":"https:\/\/diasporasolidaria.org\/en\/wp-json\/wp\/v2\/types\/post"}],"author":[{"embeddable":true,"href":"https:\/\/diasporasolidaria.org\/en\/wp-json\/wp\/v2\/users\/5"}],"replies":[{"embeddable":true,"href":"https:\/\/diasporasolidaria.org\/en\/wp-json\/wp\/v2\/comments?post=1786"}],"version-history":[{"count":10,"href":"https:\/\/diasporasolidaria.org\/en\/wp-json\/wp\/v2\/posts\/1786\/revisions"}],"predecessor-version":[{"id":1975,"href":"https:\/\/diasporasolidaria.org\/en\/wp-json\/wp\/v2\/posts\/1786\/revisions\/1975"}],"wp:attachment":[{"href":"https:\/\/diasporasolidaria.org\/en\/wp-json\/wp\/v2\/media?parent=1786"}],"wp:term":[{"taxonomy":"category","embeddable":true,"href":"https:\/\/diasporasolidaria.org\/en\/wp-json\/wp\/v2\/categories?post=1786"},{"taxonomy":"post_tag","embeddable":true,"href":"https:\/\/diasporasolidaria.org\/en\/wp-json\/wp\/v2\/tags?post=1786"}],"curies":[{"name":"wp","href":"https:\/\/api.w.org\/{rel}","templated":true}]}}